{"id":290,"date":"2026-08-20T15:02:16","date_gmt":"2026-08-20T18:02:16","guid":{"rendered":"http:\/\/papostudio.com.br\/?p=290"},"modified":"2026-08-21T13:39:45","modified_gmt":"2026-08-21T16:39:45","slug":"a-importancia-de-contratar-uma-arquiteta-que-coloca-a-mao-na-massa-na-obra","status":"publish","type":"post","link":"https:\/\/papostudio.com.br\/index.php\/2026\/08\/20\/a-importancia-de-contratar-uma-arquiteta-que-coloca-a-mao-na-massa-na-obra\/","title":{"rendered":"A Import\u00e2ncia de Contratar uma Arquiteta que &#8220;Coloca a M\u00e3o na Massa&#8221; na Obra"},"content":{"rendered":"\n<p class=\"wp-block-paragraph\"><\/p>\n\n\n\n<p class=\"wp-block-paragraph\">Por que contratar uma arquiteta com experi\u00eancia pr\u00e1tica de obra faz toda a diferen\u00e7a?<\/p>\n\n\n\n<p class=\"wp-block-paragraph\">Quando pensamos em contratar um profissional de arquitetura, \u00e9 comum associar o trabalho apenas \u00e0 cria\u00e7\u00e3o de plantas, desenhos bonitos em 3D e escolha de acabamentos. No entanto, o estudo t\u00e9cnico e a an\u00e1lise do espa\u00e7o s\u00e3o apenas o primeiro passo. O verdadeiro diferencial de um projeto bem-sucedido est\u00e1 na <strong>viabilidade t\u00e9cnica, no controle or\u00e7ament\u00e1rio e no acompanhamento da execu\u00e7\u00e3o<\/strong>.<\/p>\n\n\n\n<p class=\"wp-block-paragraph\">\u00c9 a\u00ed que entra o valor de uma <strong>arquiteta <em>hands-on<\/em><\/strong> (que coloca a m\u00e3o na massa): uma profissional que n\u00e3o apenas desenha no computador, mas entende como os materiais se comportam na pr\u00e1tica, conhece o tempo de secagem de uma massa, sabe segurar uma furadeira, misturar um impermeabilizante e conversar de igual para igual com a equipe de execu\u00e7\u00e3o.<\/p>\n\n\n\n<h3 class=\"wp-block-heading\">\ud83d\udca1 Vantagens de Contratar uma Arquiteta com Viv\u00eancia Pr\u00e1tica de Obra<\/h3>\n\n\n\n<ol start=\"1\" class=\"wp-block-list\">\n<li><strong>Suporte Completo para Quem Quer Executar Sozinho (DIY):<\/strong>  Muitos clientes querem economizar ou gostam de participar ativamente da reforma executando pequenas etapas por conta pr\u00f3pria. Uma arquiteta com viv\u00eancia pr\u00e1tica consegue dar um suporte seguro, indicando as ferramentas certas, a ordem das etapas e os cuidados com EPIs.<\/li>\n\n\n\n<li><strong>Orienta\u00e7\u00e3o Assertiva na Escolha de Materiais e Produtos:<\/strong> N\u00e3o basta indicar o revestimento mais bonito na revista; \u00e9 preciso saber se aquele produto atende ao tr\u00e1fego do local, qual o tipo de argamassa correto, se exige primer e qual a durabilidade estimada.<\/li>\n\n\n\n<li><strong>Economia sem Necessidade de Reformas Destrutivas:<\/strong> Colocar a m\u00e3o na massa ensina a valorizar o que j\u00e1 existe. \u00c9 poss\u00edvel dar uma nova vida a um ambiente antigo aproveitando lou\u00e7as, revitalizando revestimentos ou fazendo interven\u00e7\u00f5es pontuais inteligentes, sem precisar &#8220;quebrar tudo&#8221;.<\/li>\n\n\n\n<li><strong>Agilidade diante dos Imprevistos da Obra:<\/strong> Toda reforma tem imprevistos \u2014 uma tubula\u00e7\u00e3o antiga no lugar errado, uma ferrugem na ferragem, um piso desnivelado. Quem vive o dia a dia da obra consegue encontrar solu\u00e7\u00f5es r\u00e1pidas e econ\u00f4micas sem travar o cronograma.<\/li>\n<\/ol>\n\n\n\n<h2 class=\"wp-block-heading\">\ud83d\udee0\ufe0f Estudo de Caso Pr\u00e1tico: M\u00e3o na Massa na Impermeabiliza\u00e7\u00e3o de um Banheiro Social com Selamix<\/h2>\n\n\n\n<p class=\"wp-block-paragraph\">Para ilustrar na pr\u00e1tica como esse conhecimento transforma o resultado, compartilhamos a reforma de um banheiro social antigo dos anos 70 que realizamos do projeto \u00e0 execu\u00e7\u00e3o.<\/p>\n\n\n\n<h3 class=\"wp-block-heading\">\ud83d\udccb Briefing do Projeto &amp; Desafio<\/h3>\n\n\n\n<ul class=\"wp-block-list\">\n<li><strong>Problema:<\/strong> O banheiro apresentava infiltra\u00e7\u00f5es severas devido ao desgaste do rejunte e por nunca ter recebido impermeabiliza\u00e7\u00e3o ao longo de seus 35 anos de constru\u00e7\u00e3o.<\/li>\n\n\n\n<li><strong>Proposta e Conceito:<\/strong> Unir funcionalidade e solu\u00e7\u00e3o t\u00e9cnica definitiva com economia e harmonia est\u00e9tica.<\/li>\n\n\n\n<li><strong>Aproveitamento Consciente:<\/strong> Mantivemos as lou\u00e7as originais em tom de verde vintage (como a banheira dos anos 70) e combinamos com pastilhas furta-cor nos tons de verde e rosa que t\u00ednhamos em acervo. Nas paredes, optamos por pintura branca em tinta ep\u00f3xi \u00e0 base de \u00e1gua.<\/li>\n<\/ul>\n\n\n\n<h3 class=\"wp-block-heading\">\u2699\ufe0f As Etapas da Reforma Passo a Passo<\/h3>\n\n\n\n<h4 class=\"wp-block-heading\">1\u00aa Etapa: Remo\u00e7\u00e3o<\/h4>\n\n\n\n<ul class=\"wp-block-list\">\n<li><strong>Box de Acr\u00edlico:<\/strong> Para remover a estrutura sem danificar as paredes, estouramos os rebites com furadeira e desaparafusamos o restante.<\/li>\n\n\n\n<li><strong>Revestimentos:<\/strong> Remo\u00e7\u00e3o manual de todo o revestimento antigo do box e dos m\u00e1rmores.<\/li>\n\n\n\n<li><strong>Secagem:<\/strong> Aguardamos <strong>15 dias de espera<\/strong> para a secagem completa da estrutura que estava \u00famida.<\/li>\n<\/ul>\n\n\n\n<figure class=\"wp-block-image size-full\"><img loading=\"lazy\" decoding=\"async\" width=\"720\" height=\"960\" src=\"http:\/\/papostudio.com.br\/wp-content\/uploads\/2026\/08\/reformado-banheiro-retirando-o-box-de-acrilico-arquiteta-2.jpg\" alt=\"\" class=\"wp-image-294\" srcset=\"https:\/\/papostudio.com.br\/wp-content\/uploads\/2026\/08\/reformado-banheiro-retirando-o-box-de-acrilico-arquiteta-2.jpg 720w, https:\/\/papostudio.com.br\/wp-content\/uploads\/2026\/08\/reformado-banheiro-retirando-o-box-de-acrilico-arquiteta-2-225x300.jpg 225w\" sizes=\"auto, (max-width: 720px) 100vw, 720px\" \/><\/figure>\n\n\n\n<h4 class=\"wp-block-heading\">2\u00aa Etapa: Hidr\u00e1ulica e Contrapiso<\/h4>\n\n\n\n<ul class=\"wp-block-list\">\n<li><strong>Ajuste no Ralo:<\/strong> Corrigimos uma adapta\u00e7\u00e3o antiga (&#8220;gambiarra&#8221;) no ralo seco emendando em um cano de 100mm (aquecendo levemente no fogo para encaixar perfeitamente).<\/li>\n\n\n\n<li><strong>Contrapiso:<\/strong> Refizemos o contrapiso no box e entorno da banheira com <em>Votomassa<\/em>, garantindo o caimento correto para o ralo.<\/li>\n\n\n\n<li><strong>Secagem:<\/strong> Aguardamos <strong>14 dias de cura<\/strong> da argamassa antes de aplicar o impermeabilizante.<\/li>\n<\/ul>\n\n\n\n<h4 class=\"wp-block-heading\">3\u00aa Etapa: Reparo Estrutural com EPIs<\/h4>\n\n\n\n<ul class=\"wp-block-list\">\n<li>Protegemos as armaduras expostas da escada de acesso \u00e0 banheira com <em>Protetor de Armadura Quartzolit<\/em> para posterior reparo estrutural sem necessidade de f\u00f4rmas.<\/li>\n\n\n\n<li><strong>Equipamentos de Seguran\u00e7a (EPI):<\/strong> Uso obrigat\u00f3rio de \u00f3culos, m\u00e1scara, luvas e botas de obra. Limpeza pr\u00e9via com escova de a\u00e7o antes da aplica\u00e7\u00e3o.<\/li>\n<\/ul>\n\n\n\n<h4 class=\"wp-block-heading\">4\u00aa Etapa: 1\u00aa Dem\u00e3o de Impermeabiliza\u00e7\u00e3o (Selamix)<\/h4>\n\n\n\n<ol start=\"1\" class=\"wp-block-list\">\n<li>Limpeza total do ambiente com vassoura e aspirador de p\u00f3, seguida de umedecimento leve da superf\u00edcie.<\/li>\n\n\n\n<li>Mistura de 9kg de <em>Selamix<\/em> para 3,5L de \u00e1gua limpa em balde, utilizando misturador acoplado a uma furadeira de 600W por 10 minutos.<\/li>\n\n\n\n<li>Aplica\u00e7\u00e3o com trincha em sentido \u00fanico (passando at\u00e9 8 vezes no mesmo ponto para cobrir todos os poros do contrapiso e da escada).<\/li>\n\n\n\n<li>Refor\u00e7o de cantos entre piso e parede com <em>Tela de Poli\u00e9ster Mantex (Viapol)<\/em>.<\/li>\n<\/ol>\n\n\n\n<figure class=\"wp-block-image size-full\"><img loading=\"lazy\" decoding=\"async\" width=\"720\" height=\"960\" src=\"http:\/\/papostudio.com.br\/wp-content\/uploads\/2026\/08\/reforma-selamix_n.jpg\" alt=\"\" class=\"wp-image-295\" srcset=\"https:\/\/papostudio.com.br\/wp-content\/uploads\/2026\/08\/reforma-selamix_n.jpg 720w, https:\/\/papostudio.com.br\/wp-content\/uploads\/2026\/08\/reforma-selamix_n-225x300.jpg 225w\" sizes=\"auto, (max-width: 720px) 100vw, 720px\" \/><\/figure>\n\n\n\n<h4 class=\"wp-block-heading\">5\u00aa Etapa: 2\u00aa Dem\u00e3o e Li\u00e7\u00f5es Aprendidas na Pr\u00e1tica<\/h4>\n\n\n\n<ul class=\"wp-block-list\">\n<li>Segunda dem\u00e3o aplicada no sentido cruzado com m\u00e1scara de respirador 3M e botas de prote\u00e7\u00e3o.<\/li>\n\n\n\n<li><strong>\ud83d\udccc Dica de Ouro da Arquiteta:<\/strong> Fracione a mistura! Erramos a propor\u00e7\u00e3o preparando muita massa de uma vez na 2\u00aa dem\u00e3o. Como ela rende mais e puxa menos que a 1\u00aa dem\u00e3o, sobrou massa que endureceu e foi perdida. <strong>Aprender na pr\u00e1tica ensina a economizar o dinheiro do cliente nas pr\u00f3ximas obras!<\/strong><\/li>\n<\/ul>\n\n\n\n<h4 class=\"wp-block-heading\">6\u00aa Etapa: 3\u00aa Dem\u00e3o e Finaliza\u00e7\u00e3o<\/h4>\n\n\n\n<ul class=\"wp-block-list\">\n<li>Aplica\u00e7\u00e3o da 3\u00aa dem\u00e3o cruzada cobrindo o piso e subindo at\u00e9 15cm nas paredes do box. Cura completa ap\u00f3s 3 dias.<\/li>\n<\/ul>\n\n\n\n<h3 class=\"wp-block-heading\">\ud83d\udccc Dicas Importantes para Impermeabiliza\u00e7\u00e3o de Banheiros<\/h3>\n\n\n\n<ul class=\"wp-block-list\">\n<li><strong>Em Apartamentos:<\/strong> Aplique o impermeabilizante em todo o piso do banheiro. Na \u00e1rea do box, suba no m\u00ednimo 1 metro (ou at\u00e9 a altura do chuveiro) para evitar infiltra\u00e7\u00f5es na laje do vizinho de baixo.<\/li>\n\n\n\n<li><strong>Em Casas T\u00e9rreas:<\/strong> Impermeabilize o piso do box, cantos com tela e suba at\u00e9 1 metro nas paredes expostas aos respingos d&#8217;\u00e1gua.<\/li>\n<\/ul>\n\n\n\n<h3 class=\"wp-block-heading\">\ud83d\udcac Conclus\u00e3o<\/h3>\n\n\n\n<p class=\"wp-block-paragraph\">Contratar uma arquiteta que conhece a teoria e domina a pr\u00e1tica garante que voc\u00ea ter\u00e1 um projeto bonito, funcional e seguro, seja para delegar a obra com tranquilidade, gerenciar a m\u00e3o de obra ou colocar as m\u00e3os na massa com a devida orienta\u00e7\u00e3o t\u00e9cnica!<\/p>\n\n\n\n<figure class=\"wp-block-image size-full\"><img loading=\"lazy\" decoding=\"async\" width=\"960\" height=\"720\" src=\"http:\/\/papostudio.com.br\/wp-content\/uploads\/2026\/08\/reformado-banheiro-arquiteta-cimento-votomassa.jpg\" alt=\"\" class=\"wp-image-296\" srcset=\"https:\/\/papostudio.com.br\/wp-content\/uploads\/2026\/08\/reformado-banheiro-arquiteta-cimento-votomassa.jpg 960w, https:\/\/papostudio.com.br\/wp-content\/uploads\/2026\/08\/reformado-banheiro-arquiteta-cimento-votomassa-300x225.jpg 300w, https:\/\/papostudio.com.br\/wp-content\/uploads\/2026\/08\/reformado-banheiro-arquiteta-cimento-votomassa-768x576.jpg 768w\" sizes=\"auto, (max-width: 960px) 100vw, 960px\" \/><\/figure>\n","protected":false},"excerpt":{"rendered":"<p>Por que contratar uma arquiteta com experi\u00eancia pr\u00e1tica de obra faz toda a diferen\u00e7a? Quando pensamos em contratar um profissional de arquitetura, \u00e9 comum associar o trabalho apenas \u00e0 cria\u00e7\u00e3o de plantas, desenhos bonitos em 3D e escolha de acabamentos. No entanto, o estudo t\u00e9cnico e a an\u00e1lise do espa\u00e7o s\u00e3o apenas o primeiro passo&#8230;.<\/p>\n","protected":false},"author":1,"featured_media":293,"comment_status":"open","ping_status":"open","sticky":false,"template":"","format":"standard","meta":{"footnotes":""},"categories":[22],"tags":[],"class_list":["post-290","post","type-post","status-publish","format-standard","has-post-thumbnail","hentry","category-reforma"],"yoast_head":"<!-- This site is optimized with the Yoast SEO plugin v27.0 - https:\/\/yoast.com\/product\/yoast-seo-wordpress\/ -->\n<title>A Import\u00e2ncia de Contratar uma Arquiteta que &quot;Coloca a M\u00e3o na Massa&quot; na Obra - PaPo Studio<\/title>\n<meta name=\"robots\" content=\"index, follow, max-snippet:-1, max-image-preview:large, max-video-preview:-1\" \/>\n<link rel=\"canonical\" href=\"http:\/\/papostudio.com.br\/index.php\/2026\/08\/20\/a-importancia-de-contratar-uma-arquiteta-que-coloca-a-mao-na-massa-na-obra\/\" \/>\n<meta property=\"og:locale\" content=\"pt_BR\" \/>\n<meta property=\"og:type\" content=\"article\" \/>\n<meta property=\"og:title\" content=\"A Import\u00e2ncia de Contratar uma Arquiteta que &quot;Coloca a M\u00e3o na Massa&quot; na Obra - PaPo Studio\" \/>\n<meta property=\"og:description\" content=\"Por que contratar uma arquiteta com experi\u00eancia pr\u00e1tica de obra faz toda a diferen\u00e7a? Quando pensamos em contratar um profissional de arquitetura, \u00e9 comum associar o trabalho apenas \u00e0 cria\u00e7\u00e3o de plantas, desenhos bonitos em 3D e escolha de acabamentos. No entanto, o estudo t\u00e9cnico e a an\u00e1lise do espa\u00e7o s\u00e3o apenas o primeiro passo....\" \/>\n<meta property=\"og:url\" content=\"http:\/\/papostudio.com.br\/index.php\/2026\/08\/20\/a-importancia-de-contratar-uma-arquiteta-que-coloca-a-mao-na-massa-na-obra\/\" \/>\n<meta property=\"og:site_name\" content=\"PaPo Studio\" \/>\n<meta property=\"article:published_time\" content=\"2026-08-20T18:02:16+00:00\" \/>\n<meta property=\"article:modified_time\" content=\"2026-08-21T16:39:45+00:00\" \/>\n<meta property=\"og:image\" content=\"http:\/\/papostudio.com.br\/wp-content\/uploads\/2026\/08\/Gemini_Generated_Image_4ripvt4ripvt4rip-768x1024.jpg\" \/>\n\t<meta property=\"og:image:width\" content=\"768\" \/>\n\t<meta property=\"og:image:height\" content=\"1024\" \/>\n\t<meta property=\"og:image:type\" content=\"image\/jpeg\" \/>\n<meta name=\"author\" content=\"arqpaulamposser@gmail.com\" \/>\n<meta name=\"twitter:card\" content=\"summary_large_image\" \/>\n<meta name=\"twitter:label1\" content=\"Escrito por\" \/>\n\t<meta name=\"twitter:data1\" content=\"arqpaulamposser@gmail.com\" \/>\n\t<meta name=\"twitter:label2\" content=\"Est. tempo de leitura\" \/>\n\t<meta name=\"twitter:data2\" content=\"6 minutos\" \/>\n<script type=\"application\/ld+json\" class=\"yoast-schema-graph\">{\"@context\":\"https:\/\/schema.org\",\"@graph\":[{\"@type\":\"Article\",\"@id\":\"http:\/\/papostudio.com.br\/index.php\/2026\/08\/20\/a-importancia-de-contratar-uma-arquiteta-que-coloca-a-mao-na-massa-na-obra\/#article\",\"isPartOf\":{\"@id\":\"http:\/\/papostudio.com.br\/index.php\/2026\/08\/20\/a-importancia-de-contratar-uma-arquiteta-que-coloca-a-mao-na-massa-na-obra\/\"},\"author\":{\"name\":\"arqpaulamposser@gmail.com\",\"@id\":\"https:\/\/papostudio.com.br\/#\/schema\/person\/3086ff1fc5cee2de6aa24b6ae805a54c\"},\"headline\":\"A Import\u00e2ncia de Contratar uma Arquiteta que &#8220;Coloca a M\u00e3o na Massa&#8221; na Obra\",\"datePublished\":\"2026-08-20T18:02:16+00:00\",\"dateModified\":\"2026-08-21T16:39:45+00:00\",\"mainEntityOfPage\":{\"@id\":\"http:\/\/papostudio.com.br\/index.php\/2026\/08\/20\/a-importancia-de-contratar-uma-arquiteta-que-coloca-a-mao-na-massa-na-obra\/\"},\"wordCount\":987,\"commentCount\":0,\"publisher\":{\"@id\":\"https:\/\/papostudio.com.br\/#organization\"},\"image\":{\"@id\":\"http:\/\/papostudio.com.br\/index.php\/2026\/08\/20\/a-importancia-de-contratar-uma-arquiteta-que-coloca-a-mao-na-massa-na-obra\/#primaryimage\"},\"thumbnailUrl\":\"https:\/\/papostudio.com.br\/wp-content\/uploads\/2026\/08\/Gemini_Generated_Image_4ripvt4ripvt4rip.jpg\",\"articleSection\":[\"Reforma\"],\"inLanguage\":\"pt-BR\",\"potentialAction\":[{\"@type\":\"CommentAction\",\"name\":\"Comment\",\"target\":[\"http:\/\/papostudio.com.br\/index.php\/2026\/08\/20\/a-importancia-de-contratar-uma-arquiteta-que-coloca-a-mao-na-massa-na-obra\/#respond\"]}]},{\"@type\":\"WebPage\",\"@id\":\"http:\/\/papostudio.com.br\/index.php\/2026\/08\/20\/a-importancia-de-contratar-uma-arquiteta-que-coloca-a-mao-na-massa-na-obra\/\",\"url\":\"http:\/\/papostudio.com.br\/index.php\/2026\/08\/20\/a-importancia-de-contratar-uma-arquiteta-que-coloca-a-mao-na-massa-na-obra\/\",\"name\":\"A Import\u00e2ncia de Contratar uma Arquiteta que \\\"Coloca a M\u00e3o na Massa\\\" na Obra - PaPo Studio\",\"isPartOf\":{\"@id\":\"https:\/\/papostudio.com.br\/#website\"},\"primaryImageOfPage\":{\"@id\":\"http:\/\/papostudio.com.br\/index.php\/2026\/08\/20\/a-importancia-de-contratar-uma-arquiteta-que-coloca-a-mao-na-massa-na-obra\/#primaryimage\"},\"image\":{\"@id\":\"http:\/\/papostudio.com.br\/index.php\/2026\/08\/20\/a-importancia-de-contratar-uma-arquiteta-que-coloca-a-mao-na-massa-na-obra\/#primaryimage\"},\"thumbnailUrl\":\"https:\/\/papostudio.com.br\/wp-content\/uploads\/2026\/08\/Gemini_Generated_Image_4ripvt4ripvt4rip.jpg\",\"datePublished\":\"2026-08-20T18:02:16+00:00\",\"dateModified\":\"2026-08-21T16:39:45+00:00\",\"breadcrumb\":{\"@id\":\"http:\/\/papostudio.com.br\/index.php\/2026\/08\/20\/a-importancia-de-contratar-uma-arquiteta-que-coloca-a-mao-na-massa-na-obra\/#breadcrumb\"},\"inLanguage\":\"pt-BR\",\"potentialAction\":[{\"@type\":\"ReadAction\",\"target\":[\"http:\/\/papostudio.com.br\/index.php\/2026\/08\/20\/a-importancia-de-contratar-uma-arquiteta-que-coloca-a-mao-na-massa-na-obra\/\"]}]},{\"@type\":\"ImageObject\",\"inLanguage\":\"pt-BR\",\"@id\":\"http:\/\/papostudio.com.br\/index.php\/2026\/08\/20\/a-importancia-de-contratar-uma-arquiteta-que-coloca-a-mao-na-massa-na-obra\/#primaryimage\",\"url\":\"https:\/\/papostudio.com.br\/wp-content\/uploads\/2026\/08\/Gemini_Generated_Image_4ripvt4ripvt4rip.jpg\",\"contentUrl\":\"https:\/\/papostudio.com.br\/wp-content\/uploads\/2026\/08\/Gemini_Generated_Image_4ripvt4ripvt4rip.jpg\",\"width\":1792,\"height\":2390},{\"@type\":\"BreadcrumbList\",\"@id\":\"http:\/\/papostudio.com.br\/index.php\/2026\/08\/20\/a-importancia-de-contratar-uma-arquiteta-que-coloca-a-mao-na-massa-na-obra\/#breadcrumb\",\"itemListElement\":[{\"@type\":\"ListItem\",\"position\":1,\"name\":\"Home\",\"item\":\"https:\/\/papostudio.com.br\/\"},{\"@type\":\"ListItem\",\"position\":2,\"name\":\"A Import\u00e2ncia de Contratar uma Arquiteta que &#8220;Coloca a M\u00e3o na Massa&#8221; na Obra\"}]},{\"@type\":\"WebSite\",\"@id\":\"https:\/\/papostudio.com.br\/#website\",\"url\":\"https:\/\/papostudio.com.br\/\",\"name\":\"PaPo Studio\",\"description\":\"Arquitetura autoral, design sensorial e estrat\u00e9gia orientada a dados para ambientes residenciais, varejo, corporativos e comerciais que contam hist\u00f3rias e geram valor real.\",\"publisher\":{\"@id\":\"https:\/\/papostudio.com.br\/#organization\"},\"potentialAction\":[{\"@type\":\"SearchAction\",\"target\":{\"@type\":\"EntryPoint\",\"urlTemplate\":\"https:\/\/papostudio.com.br\/?s={search_term_string}\"},\"query-input\":{\"@type\":\"PropertyValueSpecification\",\"valueRequired\":true,\"valueName\":\"search_term_string\"}}],\"inLanguage\":\"pt-BR\"},{\"@type\":\"Organization\",\"@id\":\"https:\/\/papostudio.com.br\/#organization\",\"name\":\"PaPo Studio\",\"url\":\"https:\/\/papostudio.com.br\/\",\"logo\":{\"@type\":\"ImageObject\",\"inLanguage\":\"pt-BR\",\"@id\":\"https:\/\/papostudio.com.br\/#\/schema\/logo\/image\/\",\"url\":\"https:\/\/papostudio.com.br\/wp-content\/uploads\/2026\/02\/Design-sem-nome-2-scaled.png\",\"contentUrl\":\"https:\/\/papostudio.com.br\/wp-content\/uploads\/2026\/02\/Design-sem-nome-2-scaled.png\",\"width\":2560,\"height\":2560,\"caption\":\"PaPo Studio\"},\"image\":{\"@id\":\"https:\/\/papostudio.com.br\/#\/schema\/logo\/image\/\"}},{\"@type\":\"Person\",\"@id\":\"https:\/\/papostudio.com.br\/#\/schema\/person\/3086ff1fc5cee2de6aa24b6ae805a54c\",\"name\":\"arqpaulamposser@gmail.com\",\"image\":{\"@type\":\"ImageObject\",\"inLanguage\":\"pt-BR\",\"@id\":\"https:\/\/papostudio.com.br\/#\/schema\/person\/image\/\",\"url\":\"https:\/\/secure.gravatar.com\/avatar\/048591d2641353f2451a931442b6117915a23a2a31f77256f132243d989f849d?s=96&d=mm&r=g\",\"contentUrl\":\"https:\/\/secure.gravatar.com\/avatar\/048591d2641353f2451a931442b6117915a23a2a31f77256f132243d989f849d?s=96&d=mm&r=g\",\"caption\":\"arqpaulamposser@gmail.com\"},\"sameAs\":[\"http:\/\/papostudio.com.br\"],\"url\":\"https:\/\/papostudio.com.br\/index.php\/author\/arqpaulampossergmail-com\/\"}]}<\/script>\n<!-- \/ Yoast SEO plugin. -->","yoast_head_json":{"title":"A Import\u00e2ncia de Contratar uma Arquiteta que \"Coloca a M\u00e3o na Massa\" na Obra - PaPo Studio","robots":{"index":"index","follow":"follow","max-snippet":"max-snippet:-1","max-image-preview":"max-image-preview:large","max-video-preview":"max-video-preview:-1"},"canonical":"http:\/\/papostudio.com.br\/index.php\/2026\/08\/20\/a-importancia-de-contratar-uma-arquiteta-que-coloca-a-mao-na-massa-na-obra\/","og_locale":"pt_BR","og_type":"article","og_title":"A Import\u00e2ncia de Contratar uma Arquiteta que \"Coloca a M\u00e3o na Massa\" na Obra - PaPo Studio","og_description":"Por que contratar uma arquiteta com experi\u00eancia pr\u00e1tica de obra faz toda a diferen\u00e7a? Quando pensamos em contratar um profissional de arquitetura, \u00e9 comum associar o trabalho apenas \u00e0 cria\u00e7\u00e3o de plantas, desenhos bonitos em 3D e escolha de acabamentos. No entanto, o estudo t\u00e9cnico e a an\u00e1lise do espa\u00e7o s\u00e3o apenas o primeiro passo....","og_url":"http:\/\/papostudio.com.br\/index.php\/2026\/08\/20\/a-importancia-de-contratar-uma-arquiteta-que-coloca-a-mao-na-massa-na-obra\/","og_site_name":"PaPo Studio","article_published_time":"2026-08-20T18:02:16+00:00","article_modified_time":"2026-08-21T16:39:45+00:00","og_image":[{"width":768,"height":1024,"url":"http:\/\/papostudio.com.br\/wp-content\/uploads\/2026\/08\/Gemini_Generated_Image_4ripvt4ripvt4rip-768x1024.jpg","type":"image\/jpeg"}],"author":"arqpaulamposser@gmail.com","twitter_card":"summary_large_image","twitter_misc":{"Escrito por":"arqpaulamposser@gmail.com","Est. tempo de leitura":"6 minutos"},"schema":{"@context":"https:\/\/schema.org","@graph":[{"@type":"Article","@id":"http:\/\/papostudio.com.br\/index.php\/2026\/08\/20\/a-importancia-de-contratar-uma-arquiteta-que-coloca-a-mao-na-massa-na-obra\/#article","isPartOf":{"@id":"http:\/\/papostudio.com.br\/index.php\/2026\/08\/20\/a-importancia-de-contratar-uma-arquiteta-que-coloca-a-mao-na-massa-na-obra\/"},"author":{"name":"arqpaulamposser@gmail.com","@id":"https:\/\/papostudio.com.br\/#\/schema\/person\/3086ff1fc5cee2de6aa24b6ae805a54c"},"headline":"A Import\u00e2ncia de Contratar uma Arquiteta que &#8220;Coloca a M\u00e3o na Massa&#8221; na Obra","datePublished":"2026-08-20T18:02:16+00:00","dateModified":"2026-08-21T16:39:45+00:00","mainEntityOfPage":{"@id":"http:\/\/papostudio.com.br\/index.php\/2026\/08\/20\/a-importancia-de-contratar-uma-arquiteta-que-coloca-a-mao-na-massa-na-obra\/"},"wordCount":987,"commentCount":0,"publisher":{"@id":"https:\/\/papostudio.com.br\/#organization"},"image":{"@id":"http:\/\/papostudio.com.br\/index.php\/2026\/08\/20\/a-importancia-de-contratar-uma-arquiteta-que-coloca-a-mao-na-massa-na-obra\/#primaryimage"},"thumbnailUrl":"https:\/\/papostudio.com.br\/wp-content\/uploads\/2026\/08\/Gemini_Generated_Image_4ripvt4ripvt4rip.jpg","articleSection":["Reforma"],"inLanguage":"pt-BR","potentialAction":[{"@type":"CommentAction","name":"Comment","target":["http:\/\/papostudio.com.br\/index.php\/2026\/08\/20\/a-importancia-de-contratar-uma-arquiteta-que-coloca-a-mao-na-massa-na-obra\/#respond"]}]},{"@type":"WebPage","@id":"http:\/\/papostudio.com.br\/index.php\/2026\/08\/20\/a-importancia-de-contratar-uma-arquiteta-que-coloca-a-mao-na-massa-na-obra\/","url":"http:\/\/papostudio.com.br\/index.php\/2026\/08\/20\/a-importancia-de-contratar-uma-arquiteta-que-coloca-a-mao-na-massa-na-obra\/","name":"A Import\u00e2ncia de Contratar uma Arquiteta que \"Coloca a M\u00e3o na Massa\" na Obra - PaPo Studio","isPartOf":{"@id":"https:\/\/papostudio.com.br\/#website"},"primaryImageOfPage":{"@id":"http:\/\/papostudio.com.br\/index.php\/2026\/08\/20\/a-importancia-de-contratar-uma-arquiteta-que-coloca-a-mao-na-massa-na-obra\/#primaryimage"},"image":{"@id":"http:\/\/papostudio.com.br\/index.php\/2026\/08\/20\/a-importancia-de-contratar-uma-arquiteta-que-coloca-a-mao-na-massa-na-obra\/#primaryimage"},"thumbnailUrl":"https:\/\/papostudio.com.br\/wp-content\/uploads\/2026\/08\/Gemini_Generated_Image_4ripvt4ripvt4rip.jpg","datePublished":"2026-08-20T18:02:16+00:00","dateModified":"2026-08-21T16:39:45+00:00","breadcrumb":{"@id":"http:\/\/papostudio.com.br\/index.php\/2026\/08\/20\/a-importancia-de-contratar-uma-arquiteta-que-coloca-a-mao-na-massa-na-obra\/#breadcrumb"},"inLanguage":"pt-BR","potentialAction":[{"@type":"ReadAction","target":["http:\/\/papostudio.com.br\/index.php\/2026\/08\/20\/a-importancia-de-contratar-uma-arquiteta-que-coloca-a-mao-na-massa-na-obra\/"]}]},{"@type":"ImageObject","inLanguage":"pt-BR","@id":"http:\/\/papostudio.com.br\/index.php\/2026\/08\/20\/a-importancia-de-contratar-uma-arquiteta-que-coloca-a-mao-na-massa-na-obra\/#primaryimage","url":"https:\/\/papostudio.com.br\/wp-content\/uploads\/2026\/08\/Gemini_Generated_Image_4ripvt4ripvt4rip.jpg","contentUrl":"https:\/\/papostudio.com.br\/wp-content\/uploads\/2026\/08\/Gemini_Generated_Image_4ripvt4ripvt4rip.jpg","width":1792,"height":2390},{"@type":"BreadcrumbList","@id":"http:\/\/papostudio.com.br\/index.php\/2026\/08\/20\/a-importancia-de-contratar-uma-arquiteta-que-coloca-a-mao-na-massa-na-obra\/#breadcrumb","itemListElement":[{"@type":"ListItem","position":1,"name":"Home","item":"https:\/\/papostudio.com.br\/"},{"@type":"ListItem","position":2,"name":"A Import\u00e2ncia de Contratar uma Arquiteta que &#8220;Coloca a M\u00e3o na Massa&#8221; na Obra"}]},{"@type":"WebSite","@id":"https:\/\/papostudio.com.br\/#website","url":"https:\/\/papostudio.com.br\/","name":"PaPo Studio","description":"Arquitetura autoral, design sensorial e estrat\u00e9gia orientada a dados para ambientes residenciais, varejo, corporativos e comerciais que contam hist\u00f3rias e geram valor real.","publisher":{"@id":"https:\/\/papostudio.com.br\/#organization"},"potentialAction":[{"@type":"SearchAction","target":{"@type":"EntryPoint","urlTemplate":"https:\/\/papostudio.com.br\/?s={search_term_string}"},"query-input":{"@type":"PropertyValueSpecification","valueRequired":true,"valueName":"search_term_string"}}],"inLanguage":"pt-BR"},{"@type":"Organization","@id":"https:\/\/papostudio.com.br\/#organization","name":"PaPo Studio","url":"https:\/\/papostudio.com.br\/","logo":{"@type":"ImageObject","inLanguage":"pt-BR","@id":"https:\/\/papostudio.com.br\/#\/schema\/logo\/image\/","url":"https:\/\/papostudio.com.br\/wp-content\/uploads\/2026\/02\/Design-sem-nome-2-scaled.png","contentUrl":"https:\/\/papostudio.com.br\/wp-content\/uploads\/2026\/02\/Design-sem-nome-2-scaled.png","width":2560,"height":2560,"caption":"PaPo Studio"},"image":{"@id":"https:\/\/papostudio.com.br\/#\/schema\/logo\/image\/"}},{"@type":"Person","@id":"https:\/\/papostudio.com.br\/#\/schema\/person\/3086ff1fc5cee2de6aa24b6ae805a54c","name":"arqpaulamposser@gmail.com","image":{"@type":"ImageObject","inLanguage":"pt-BR","@id":"https:\/\/papostudio.com.br\/#\/schema\/person\/image\/","url":"https:\/\/secure.gravatar.com\/avatar\/048591d2641353f2451a931442b6117915a23a2a31f77256f132243d989f849d?s=96&d=mm&r=g","contentUrl":"https:\/\/secure.gravatar.com\/avatar\/048591d2641353f2451a931442b6117915a23a2a31f77256f132243d989f849d?s=96&d=mm&r=g","caption":"arqpaulamposser@gmail.com"},"sameAs":["http:\/\/papostudio.com.br"],"url":"https:\/\/papostudio.com.br\/index.php\/author\/arqpaulampossergmail-com\/"}]}},"_links":{"self":[{"href":"https:\/\/papostudio.com.br\/index.php\/wp-json\/wp\/v2\/posts\/290","targetHints":{"allow":["GET"]}}],"collection":[{"href":"https:\/\/papostudio.com.br\/index.php\/wp-json\/wp\/v2\/posts"}],"about":[{"href":"https:\/\/papostudio.com.br\/index.php\/wp-json\/wp\/v2\/types\/post"}],"author":[{"embeddable":true,"href":"https:\/\/papostudio.com.br\/index.php\/wp-json\/wp\/v2\/users\/1"}],"replies":[{"embeddable":true,"href":"https:\/\/papostudio.com.br\/index.php\/wp-json\/wp\/v2\/comments?post=290"}],"version-history":[{"count":3,"href":"https:\/\/papostudio.com.br\/index.php\/wp-json\/wp\/v2\/posts\/290\/revisions"}],"predecessor-version":[{"id":297,"href":"https:\/\/papostudio.com.br\/index.php\/wp-json\/wp\/v2\/posts\/290\/revisions\/297"}],"wp:featuredmedia":[{"embeddable":true,"href":"https:\/\/papostudio.com.br\/index.php\/wp-json\/wp\/v2\/media\/293"}],"wp:attachment":[{"href":"https:\/\/papostudio.com.br\/index.php\/wp-json\/wp\/v2\/media?parent=290"}],"wp:term":[{"taxonomy":"category","embeddable":true,"href":"https:\/\/papostudio.com.br\/index.php\/wp-json\/wp\/v2\/categories?post=290"},{"taxonomy":"post_tag","embeddable":true,"href":"https:\/\/papostudio.com.br\/index.php\/wp-json\/wp\/v2\/tags?post=290"}],"curies":[{"name":"wp","href":"https:\/\/api.w.org\/{rel}","templated":true}]}}